{"id":1115,"date":"2022-09-27T15:17:00","date_gmt":"2022-09-27T13:17:00","guid":{"rendered":"https:\/\/www.pokapok.org\/?p=1115"},"modified":"2022-10-07T15:23:02","modified_gmt":"2022-10-07T13:23:02","slug":"assemblee-generale-copernicus-marine-in-situ-tac","status":"publish","type":"post","link":"https:\/\/www.pokapok.org\/index.php\/2022\/09\/27\/assemblee-generale-copernicus-marine-in-situ-tac\/","title":{"rendered":"Assembl\u00e9e G\u00e9n\u00e9rale Copernicus Marine In Situ TAC"},"content":{"rendered":"\n<p class=\"text_justifie\">Chez POKaPOK, on travaille en \u00e9quipe et on le prouve ! C\u2019est donc 5 personnes qui ont particip\u00e9 \u00e0 l\u2019Assembl\u00e9e g\u00e9n\u00e9rale du projet Copernicus Marine In Situ TAC du 27 au 28 septembre dans les locaux de l\u2019Ifremer \u00e0 Brest. Tout le monde en est ressorti revigor\u00e9 par le plaisir pris \u00e0 \u00e9changer de vive voix avec les partenaires du projet.<\/p>\n\n\n\n<figure class=\"wp-block-image size-large\"><img fetchpriority=\"high\" decoding=\"async\" width=\"1024\" height=\"925\" src=\"https:\/\/www.pokapok.org\/wp-content\/uploads\/2022\/10\/AG_Instac2-1-1024x925.jpg\" alt=\"\" class=\"wp-image-1120\" srcset=\"https:\/\/www.pokapok.org\/wp-content\/uploads\/2022\/10\/AG_Instac2-1-1024x925.jpg 1024w, https:\/\/www.pokapok.org\/wp-content\/uploads\/2022\/10\/AG_Instac2-1-300x271.jpg 300w, https:\/\/www.pokapok.org\/wp-content\/uploads\/2022\/10\/AG_Instac2-1-768x694.jpg 768w, https:\/\/www.pokapok.org\/wp-content\/uploads\/2022\/10\/AG_Instac2-1-1536x1387.jpg 1536w, https:\/\/www.pokapok.org\/wp-content\/uploads\/2022\/10\/AG_Instac2-1-2048x1850.jpg 2048w, https:\/\/www.pokapok.org\/wp-content\/uploads\/2022\/10\/AG_Instac2-1-2000x1806.jpg 2000w\" sizes=\"(max-width: 1024px) 100vw, 1024px\" \/><\/figure>\n","protected":false},"excerpt":{"rendered":"<p>Chez POKaPOK, on travaille en \u00e9quipe et on le prouve ! C\u2019est donc 5 personnes qui ont particip\u00e9 \u00e0 l\u2019Assembl\u00e9e g\u00e9n\u00e9rale du projet Copernicus Marine In Situ TAC du 27 au 28 septembre dans les locaux de l\u2019Ifremer \u00e0 Brest. Tout le monde en est ressorti revigor\u00e9 par le plaisir pris \u00e0 \u00e9changer de vive &hellip; <\/p>\n<p class=\"link-more\"><a href=\"https:\/\/www.pokapok.org\/index.php\/2022\/09\/27\/assemblee-generale-copernicus-marine-in-situ-tac\/\" class=\"more-link\">Lire la suite de<span class=\"screen-reader-text\">\u00ab\u00a0Assembl\u00e9e G\u00e9n\u00e9rale Copernicus Marine In Situ TAC\u00a0\u00bb<\/span><\/a><\/p>\n","protected":false},"author":5,"featured_media":0,"comment_status":"closed","ping_status":"open","sticky":false,"template":"","format":"standard","meta":{"footnotes":""},"categories":[1],"tags":[],"class_list":["post-1115","post","type-post","status-publish","format-standard","hentry","category-non-classe"],"_links":{"self":[{"href":"https:\/\/www.pokapok.org\/index.php\/wp-json\/wp\/v2\/posts\/1115","targetHints":{"allow":["GET"]}}],"collection":[{"href":"https:\/\/www.pokapok.org\/index.php\/wp-json\/wp\/v2\/posts"}],"about":[{"href":"https:\/\/www.pokapok.org\/index.php\/wp-json\/wp\/v2\/types\/post"}],"author":[{"embeddable":true,"href":"https:\/\/www.pokapok.org\/index.php\/wp-json\/wp\/v2\/users\/5"}],"replies":[{"embeddable":true,"href":"https:\/\/www.pokapok.org\/index.php\/wp-json\/wp\/v2\/comments?post=1115"}],"version-history":[{"count":2,"href":"https:\/\/www.pokapok.org\/index.php\/wp-json\/wp\/v2\/posts\/1115\/revisions"}],"predecessor-version":[{"id":1121,"href":"https:\/\/www.pokapok.org\/index.php\/wp-json\/wp\/v2\/posts\/1115\/revisions\/1121"}],"wp:attachment":[{"href":"https:\/\/www.pokapok.org\/index.php\/wp-json\/wp\/v2\/media?parent=1115"}],"wp:term":[{"taxonomy":"category","embeddable":true,"href":"https:\/\/www.pokapok.org\/index.php\/wp-json\/wp\/v2\/categories?post=1115"},{"taxonomy":"post_tag","embeddable":true,"href":"https:\/\/www.pokapok.org\/index.php\/wp-json\/wp\/v2\/tags?post=1115"}],"curies":[{"name":"wp","href":"https:\/\/api.w.org\/{rel}","templated":true}]}}